[{"@context":"https:\/\/schema.org\/","@type":"Article","@id":"https:\/\/www.tritone.cz\/krasa-vlasu-zacina-pri-jejich-myti\/#Article","mainEntityOfPage":"https:\/\/www.tritone.cz\/krasa-vlasu-zacina-pri-jejich-myti\/","headline":"Kr\u00e1sa vlas\u016f za\u010d\u00edn\u00e1 p\u0159i jejich myt\u00ed","name":"Kr\u00e1sa vlas\u016f za\u010d\u00edn\u00e1 p\u0159i jejich myt\u00ed","description":"Ka\u017ed\u00e1 \u017eena tou\u017e\u00ed po kr\u00e1sn\u00fdch vlasech, v\u017edy\u0165 vlasy jsou koruna kr\u00e1sy. Kr\u00e1sn\u00e9 vlasy ale mus\u00ed b\u00fdt zdrav\u00e9, z\u00a0oslaben\u00e9ho, rozt\u0159epen\u00e9ho [&hellip;]","datePublished":"2019-12-16","dateModified":"2023-05-02","author":{"@type":"Person","@id":"https:\/\/www.tritone.cz\/author\/#Person","name":"","url":"https:\/\/www.tritone.cz\/author\/","identifier":1,"image":{"@type":"ImageObject","@id":"https:\/\/secure.gravatar.com\/avatar\/25a824e14ead2d36aba24b918221841350fb41cea98048e9b1929df8c4bf4bd8?s=96&d=mm&r=g","url":"https:\/\/secure.gravatar.com\/avatar\/25a824e14ead2d36aba24b918221841350fb41cea98048e9b1929df8c4bf4bd8?s=96&d=mm&r=g","height":96,"width":96}},"publisher":{"@type":"Organization","name":"tritone.cz","logo":{"@type":"ImageObject","@id":"\/logo.png","url":"\/logo.png","width":600,"height":60}},"image":{"@type":"ImageObject","@id":"https:\/\/www.tritone.cz\/wp-content\/uploads\/img_a362835_w2953_t1575801906.jpg","url":"https:\/\/www.tritone.cz\/wp-content\/uploads\/img_a362835_w2953_t1575801906.jpg","height":0,"width":0},"url":"https:\/\/www.tritone.cz\/krasa-vlasu-zacina-pri-jejich-myti\/","about":["Kr\u00e1sa"],"wordCount":409,"articleBody":"Ka\u017ed\u00e1 \u017eena tou\u017e\u00ed po kr\u00e1sn\u00fdch vlasech, v\u017edy\u0165 vlasy jsou koruna kr\u00e1sy. Kr\u00e1sn\u00e9 vlasy ale mus\u00ed b\u00fdt zdrav\u00e9, z\u00a0oslaben\u00e9ho, rozt\u0159epen\u00e9ho \u010di jinak zni\u010den\u00e9ho vlasu kr\u00e1sn\u00fd vlas neud\u011bl\u00e1te. Mnoho chyb d\u011bl\u00e1me ji\u017e p\u0159i samotn\u00e9m myt\u00ed vlas\u016f a my v\u00e1m krok po kroku porad\u00edme, jak o hygienu vlas\u016f spr\u00e1nv\u011b pe\u010dovat.1.\u00a0\u00a0\u00a0\u00a0\u00a0\u00a0 Vlasy roz\u010desejteP\u0159ed myt\u00edm vlasy \u0159\u00e1dn\u011b kart\u00e1\u010dujte, rozd\u011bl\u00edte je t\u00edm od sebe a mechanicky se zbav\u00edte n\u011bkter\u00fdch ne\u010distot.2.\u00a0\u00a0\u00a0\u00a0\u00a0\u00a0 D\u016fkladn\u011b propl\u00e1chn\u011bteP\u0159ed nanesen\u00edm \u0161amponu zbavte vlasy ne\u010distot pomoc\u00ed vody, d\u016fkladn\u011b vlasy propl\u00e1chn\u011bte po cel\u00fdch jejich d\u00e9lk\u00e1ch.3.\u00a0\u00a0\u00a0\u00a0\u00a0\u00a0 S\u00a0\u0161amponem zach\u00e1zejte opatrn\u011bU \u0161amponu plat\u00ed v\u00edce ne\u017e kde jinde, \u017ee m\u00e9n\u011b je n\u011bkdy v\u00edce. Naneste si do dlan\u00ed mno\u017estv\u00ed \u0161amponu odpov\u00eddaj\u00edc\u00ed velikosti l\u00edskov\u00e9ho o\u0159\u00ed\u0161ku. \u0160ampon vneste ke ko\u0159\u00ednk\u016fm vlas\u016f a mas\u00edrujte poko\u017eku. P\u011bnou, kter\u00e1 se v\u00e1m vytvo\u0159\u00ed, st\u00e1hn\u011bte ne\u010distoty z\u00a0cel\u00fdch d\u00e9lek vlas\u016f. Pot\u00e9 vlasy \u0159\u00e1dn\u011b propl\u00e1chn\u011bte, a\u0165 v\u00a0nich nez\u016fstane zbytek \u0161amponu.4.\u00a0\u00a0\u00a0\u00a0\u00a0\u00a0 Kondicion\u00e9r je nezbytn\u00fdPo opl\u00e1chnut\u00ed vlas\u016f od \u0161amponu naneste pot\u0159ebn\u00e9 mno\u017estv\u00ed kondicion\u00e9ru. Ten nan\u00e1\u0161ejte naopak ne\u017e \u0161ampon pouze do d\u00e9lek vlas\u016f, nikoliv k\u00a0poko\u017ece hlavy. Kondicion\u00e9r nemus\u00edte nech\u00e1vat p\u016fsobit p\u0159\u00edli\u0161 dlouho. \u0158\u00e1dn\u011b jej z\u00a0vlas\u016f opl\u00e1chn\u011bte a vlasy zabalte do turbanu. V\u00a0\u017e\u00e1dn\u00e9m p\u0159\u00edpad\u011b vlasy nevysu\u0161ujte ru\u010dn\u00edkem5.\u00a0\u00a0\u00a0\u00a0\u00a0\u00a0 F\u00e9nov\u00e1n\u00ed a fin\u00e1ln\u00ed \u00fapravaF\u00e9nov\u00e1n\u00ed nebude pro va\u0161e vlasy zbyte\u010dnou z\u00e1t\u011b\u017e\u00ed, pokud si po\u0159\u00edd\u00edte kvalitn\u00ed f\u00e9n a thermoochranu pro va\u0161e vlasy. Thermoochranu naneste v\u017edy p\u0159ed f\u00e9nov\u00e1n\u00edm nebo \u017eehlen\u00edm vlas\u016f, nedojde tak s\u00a0jejich po\u0161kozen\u00ed. Vlas vyf\u00e9nujte d\u016fkladn\u011b od hlavy a\u017e po kone\u010dky, aby byly zcela such\u00e9. Pot\u00e9 je upravte pomoc\u00ed va\u0161ich obl\u00edben\u00fdch p\u0159\u00edpravk\u016f do po\u017eadovan\u00e9 podoby.Krom\u011b spr\u00e1vn\u00e9 techniky myt\u00ed vlas\u016f myslete tak\u00e9 na pou\u017e\u00edv\u00e1n\u00ed kvalitn\u00edch kosmetick\u00fdch p\u0159\u00edpravk\u016f, kter\u00fdch je na na\u0161em trhu nep\u0159ebern\u00e9 mno\u017estv\u00ed. Kupujte si je tak\u00e9 podle typu va\u0161ich vlas\u016f nebo se pora\u010fte p\u0159\u00edmo se svou kade\u0159nic\u00ed.                                                                                                                                                                                                                                                                                                                                                                                        4.2\/5 - (10 votes)        "},{"@context":"https:\/\/schema.org\/","@type":"BreadcrumbList","itemListElement":[{"@type":"ListItem","position":1,"name":"Kr\u00e1sa vlas\u016f za\u010d\u00edn\u00e1 p\u0159i jejich myt\u00ed","item":"https:\/\/www.tritone.cz\/krasa-vlasu-zacina-pri-jejich-myti\/#breadcrumbitem"}]}]